{"id":10449,"date":"2020-08-30T17:33:25","date_gmt":"2020-08-30T15:33:25","guid":{"rendered":"https:\/\/www.sartrouville-escalade.fr\/worexp\/?p=10449"},"modified":"2020-09-10T22:30:00","modified_gmt":"2020-09-10T20:30:00","slug":"bientot-la-rentree-sportive","status":"publish","type":"post","link":"https:\/\/www.sartrouville-escalade.fr\/worexp\/index.php\/2020\/08\/30\/bientot-la-rentree-sportive\/","title":{"rendered":"Bientot la rentree &#8230; SPORTIVE !"},"content":{"rendered":"\n<p><strong><span style=\"color:#a35800\" class=\"has-inline-color\"> Plus que quelques jours \u00e0 attendre, les premiers cours d\u2019escalade auront lieu la semaine du 14 septembre 2020<\/span><\/strong><span style=\"color:#a34900\" class=\"has-inline-color\"> !<\/span><\/p>\n\n\n\n<p>Tous les enfants et adultes ayant d\u00e9pos\u00e9s leur dossier de pr\u00e9-inscription vont recevoir un email de confirmation.<\/p>\n\n\n\n<p>Concernant celles et ceux en liste d\u2019attente, nous ferons un point la semaine prochaine. Cependant, d\u00e8s que nous recevons une annulation,&nbsp; nous envoyons un e-mail (nous tenons compte de la date de la pr\u00e9-inscription afin de s\u00e9lectionner l\u2019enfant qui \u00e9tait en liste d\u2019attente). Pour les autres, il faudra attendre encore un peu.<\/p>\n\n\n\n<p>Concernant les personnes n\u2019ayant pas envoy\u00e9 leur dossier, un email va leur \u00eatre envoy\u00e9 afin de leur rappeler l\u2019obligation de nous le remettre au plus t\u00f4t (c\u2019\u00e9tait avant le 31 ao\u00fbt) &#8230;<\/p>\n\n\n\n<p>D&rsquo;une mani\u00e8re g\u00e9n\u00e9rale, vous avez la possibilit\u00e9 \u00e0 tout moment de consulter l\u2019\u00e9tat d\u2019avancement de votre dossier en vous connectant de nouveau \u00e0 <a rel=\"noreferrer noopener\" href=\"https:\/\/www.sartrouville-escalade.fr\/inscription\/\" target=\"_blank\">l\u2019interface des licenci\u00e9s<\/a>.<\/p>\n\n\n\n<p>&#8230; et pourquoi pas nous retrouver ce dimanche 6 septembre 2020 au Parc des Dispensaires (10h\/17h) pour le Salon des Associations <span style=\"color:#012d56\" class=\"has-inline-color\">(<a rel=\"noreferrer noopener\" aria-label=\" (s\u2019ouvre dans un nouvel onglet)\" href=\"https:\/\/www.sartrouville.fr\/loisirs-et-culture\/les-grands-evenements\/le-salon-des-associations\/\" target=\"_blank\">https:\/\/www.sartrouville.fr\/loisirs-et-culture\/les-grands-evenements\/le-salon-des-associations\/<\/a>).<\/span><\/p>\n\n\n\n<p><em><span style=\"color:#a35d00\" class=\"has-inline-color\"><strong>A propos de la \u00ab\u00a0notice d&rsquo;information d&rsquo;assurance\u00a0\u00bb :<\/strong><\/span><\/em><\/p>\n\n\n\n<ul class=\"wp-block-list\"><li>La f\u00e9d\u00e9ration nous a remis le document \u00ab\u00a0Notice d&rsquo;information sur les assurances FFME\/Allianz\u00a0\u00bb tardivement, document que nous n&rsquo;avions donc pas pu vous remettre lors de votre pr\u00e9-inscription. <\/li><li>Pour les nouveaux \u00ab\u00a0pr\u00e9-inscrits\u00a0\u00bb comme pour les anciens adh\u00e9rents r\u00e9-inscrits (m\u00eame si la f\u00e9d\u00e9ration vous a envoy\u00e9 un e-mail d&rsquo;acceptation d&rsquo;assurance), il est <span style=\"text-decoration: underline\"><strong>imp\u00e9ratif<\/strong> <\/span>de nous remettre les deux pages \u00ab\u00a0bulletin n\u00b01 d&rsquo;adh\u00e9sion\u00a0\u00bb de cette notice . <\/li><li>Pour vous faciliter la t\u00e2che, vous devez imprimer cette notice pr\u00e9-remplie (page 13 et 14) en vous connectant de nouveau sur <a rel=\"noreferrer noopener\" aria-label=\"espace des licenci\u00e9s (s\u2019ouvre dans un nouvel onglet)\" href=\"https:\/\/www.sartrouville-escalade.fr\/inscription\/\" target=\"_blank\">l&rsquo;interface des licenci\u00e9s<\/a>.<br>Vous y trouverez tous les d\u00e9tails pour g\u00e9rer cette partie de votre dossier, voir ci-dessous le visuel :<\/li><\/ul>\n\n\n\n<figure class=\"wp-block-image size-large\"><img loading=\"lazy\" decoding=\"async\" width=\"578\" height=\"42\" src=\"https:\/\/www.sartrouville-escalade.fr\/worexp\/wp-content\/uploads\/2020\/08\/image-3.png\" alt=\"\" class=\"wp-image-10463\" srcset=\"https:\/\/www.sartrouville-escalade.fr\/worexp\/wp-content\/uploads\/2020\/08\/image-3.png 578w, https:\/\/www.sartrouville-escalade.fr\/worexp\/wp-content\/uploads\/2020\/08\/image-3-300x22.png 300w\" sizes=\"auto, (max-width: 578px) 100vw, 578px\" \/><\/figure>\n\n\n\n<ul class=\"wp-block-list\"><li>Et afin d&rsquo;\u00f4ter tout doute, votre cotisation comprend d&rsquo;office le montant de la Responsabilit\u00e9 Civile (RC) et de l&rsquo;assurance Base (ou Base+ ou Base++ en fonction de votre saisie) &#8230; .<\/li><\/ul>\n\n\n\n<p><em><strong><span style=\"color:#a34e00\" class=\"has-inline-color\">Une rentr\u00e9e dans le respect des gestes barri\u00e8res<\/span><\/strong><\/em><\/p>\n\n\n\n<p>Nous communiquerons plus en d\u00e9tail tr\u00e8s bient\u00f4t sur l&rsquo;ensemble des actions mises  en oeuvre et recommandations de la f\u00e9d\u00e9ration.<\/p>\n\n\n\n<p>Par ailleurs, nous vous rappelons que tout adh\u00e9rent non d\u00e9butant doit imp\u00e9rativement disposer de son mat\u00e9riel propre. <\/p>\n\n\n\n<p>En attendant de vous retrouver tr\u00e8s vite ! <\/p>\n\n\n\n<p>L&rsquo;ensemble des membres du Bureau<\/p>\n","protected":false},"excerpt":{"rendered":"<p>Plus que quelques jours \u00e0 attendre, les premiers cours d\u2019escalade auront lieu la semaine du 14 septembre 2020 ! Tous les enfants et adultes ayant d\u00e9pos\u00e9s leur dossier de pr\u00e9-inscription &hellip; <a href=\"https:\/\/www.sartrouville-escalade.fr\/worexp\/index.php\/2020\/08\/30\/bientot-la-rentree-sportive\/\" class=\"more-link\">Continuer la lecture de <span class=\"screen-reader-text\">Bientot la rentree &#8230; SPORTIVE !<\/span>  <span class=\"meta-nav\">&rarr;<\/span><\/a><\/p>\n","protected":false},"author":27,"featured_media":7375,"comment_status":"open","ping_status":"open","sticky":false,"template":"","format":"standard","meta":{"_bbp_topic_count":0,"_bbp_reply_count":0,"_bbp_total_topic_count":0,"_bbp_total_reply_count":0,"_bbp_voice_count":0,"_bbp_anonymous_reply_count":0,"_bbp_topic_count_hidden":0,"_bbp_reply_count_hidden":0,"_bbp_forum_subforum_count":0,"footnotes":""},"categories":[11],"tags":[],"class_list":["post-10449","post","type-post","status-publish","format-standard","has-post-thumbnail","hentry","category-actualites"],"post_mailing_queue_ids":[],"_links":{"self":[{"href":"https:\/\/www.sartrouville-escalade.fr\/worexp\/index.php\/wp-json\/wp\/v2\/posts\/10449","targetHints":{"allow":["GET"]}}],"collection":[{"href":"https:\/\/www.sartrouville-escalade.fr\/worexp\/index.php\/wp-json\/wp\/v2\/posts"}],"about":[{"href":"https:\/\/www.sartrouville-escalade.fr\/worexp\/index.php\/wp-json\/wp\/v2\/types\/post"}],"author":[{"embeddable":true,"href":"https:\/\/www.sartrouville-escalade.fr\/worexp\/index.php\/wp-json\/wp\/v2\/users\/27"}],"replies":[{"embeddable":true,"href":"https:\/\/www.sartrouville-escalade.fr\/worexp\/index.php\/wp-json\/wp\/v2\/comments?post=10449"}],"version-history":[{"count":11,"href":"https:\/\/www.sartrouville-escalade.fr\/worexp\/index.php\/wp-json\/wp\/v2\/posts\/10449\/revisions"}],"predecessor-version":[{"id":10468,"href":"https:\/\/www.sartrouville-escalade.fr\/worexp\/index.php\/wp-json\/wp\/v2\/posts\/10449\/revisions\/10468"}],"wp:featuredmedia":[{"embeddable":true,"href":"https:\/\/www.sartrouville-escalade.fr\/worexp\/index.php\/wp-json\/wp\/v2\/media\/7375"}],"wp:attachment":[{"href":"https:\/\/www.sartrouville-escalade.fr\/worexp\/index.php\/wp-json\/wp\/v2\/media?parent=10449"}],"wp:term":[{"taxonomy":"category","embeddable":true,"href":"https:\/\/www.sartrouville-escalade.fr\/worexp\/index.php\/wp-json\/wp\/v2\/categories?post=10449"},{"taxonomy":"post_tag","embeddable":true,"href":"https:\/\/www.sartrouville-escalade.fr\/worexp\/index.php\/wp-json\/wp\/v2\/tags?post=10449"}],"curies":[{"name":"wp","href":"https:\/\/api.w.org\/{rel}","templated":true}]}}