{"id":10748,"date":"2021-05-12T23:26:54","date_gmt":"2021-05-12T21:26:54","guid":{"rendered":"https:\/\/www.sartrouville-escalade.fr\/worexp\/?p=10748"},"modified":"2021-06-02T15:30:06","modified_gmt":"2021-06-02T13:30:06","slug":"assemblee-generale-2","status":"publish","type":"post","link":"https:\/\/www.sartrouville-escalade.fr\/worexp\/index.php\/2021\/05\/12\/assemblee-generale-2\/","title":{"rendered":"Assembl\u00e9e g\u00e9n\u00e9rale"},"content":{"rendered":"\n<p>L\u2019Assembl\u00e9e G\u00e9n\u00e9rale Ordinaire de la section escalade de l\u2019Entente Sportive de Sartrouville se d\u00e9roulera le&nbsp;28&nbsp;mai \u00e0 partir de 20h en visioconf\u00e9rence (nous vous enverrons un lien par mail). <\/p>\n\n\n\n<p>Seront abord\u00e9s diff\u00e9rents points : <\/p>\n\n\n\n<p>\u2022Rapport moral et bilan de la saison 20\/21 <\/p>\n\n\n\n<p>\u2022Budget pr\u00e9visionnel 21\/22 <\/p>\n\n\n\n<p>\u2022Vote du montant de la cotisation 21\/22 <\/p>\n\n\n\n<p>\u2022Projets et objectifs 21\/22 <\/p>\n\n\n\n<p>\u2022Renouvellement des membres du bureau <\/p>\n\n\n\n<p>\u2022Questions diverses <\/p>\n\n\n\n<p>Pr\u00e9sentation du bureau actuel et perspectives : <\/p>\n\n\n\n<p>\u2022<strong>Pr\u00e9sident<\/strong> :&nbsp;Fabien . <\/p>\n\n\n\n<p>\u2022<strong>Vice-Pr\u00e9sident<\/strong> : Jean-Luc (pr\u00e9sident de la section de 2009 \u00e0 2019 et tr\u00e9sorier du CT78 escalade).<\/p>\n\n\n\n<p>\u2022<strong>Secr\u00e9taire<\/strong> : St\u00e9phane et Secr\u00e9taire-adjointe : Carole. <\/p>\n\n\n\n<p>\u2022<strong>Tr\u00e9sori\u00e8re<\/strong> : Solange et tr\u00e9sori\u00e8re-adjointe : Virginie. <\/p>\n\n\n\n<p>\u2022<strong>Les autres membres actifs du Conseil d\u2019Administration<\/strong> :&nbsp;S\u00e9bastien, Pierre, Lilou, Hippolyte. <\/p>\n\n\n\n<p>Nous invitons toutes les personnes motiv\u00e9es et voulant s\u2019impliquer au sein de la section escalade \u00e0 contacter les membres du bureau par mail : sartrouville.escalade@gmail.com<\/p>\n\n\n\n<p>Nous vous attendons nombreux afin de pr\u00e9parer au mieux la rentr\u00e9e prochaine.<\/p>\n\n\n\n<div class=\"wp-block-file\"><a href=\"https:\/\/www.sartrouville-escalade.fr\/worexp\/wp-content\/uploads\/2021\/05\/AG_2021.pdf\">AG_2021<\/a><a href=\"https:\/\/www.sartrouville-escalade.fr\/worexp\/wp-content\/uploads\/2021\/05\/AG_2021.pdf\" class=\"wp-block-file__button\" download>T\u00e9l\u00e9charger<\/a><\/div>\n\n\n\n<p><\/p>\n","protected":false},"excerpt":{"rendered":"<p>L\u2019Assembl\u00e9e G\u00e9n\u00e9rale Ordinaire de la section escalade de l\u2019Entente Sportive de Sartrouville se d\u00e9roulera le&nbsp;28&nbsp;mai \u00e0 partir de 20h en visioconf\u00e9rence (nous vous enverrons un lien par mail). Seront abord\u00e9s &hellip; <a href=\"https:\/\/www.sartrouville-escalade.fr\/worexp\/index.php\/2021\/05\/12\/assemblee-generale-2\/\" class=\"more-link\">Continuer la lecture de <span class=\"screen-reader-text\">Assembl\u00e9e g\u00e9n\u00e9rale<\/span>  <span class=\"meta-nav\">&rarr;<\/span><\/a><\/p>\n","protected":false},"author":40,"featured_media":10296,"comment_status":"open","ping_status":"open","sticky":false,"template":"","format":"standard","meta":{"_bbp_topic_count":0,"_bbp_reply_count":0,"_bbp_total_topic_count":0,"_bbp_total_reply_count":0,"_bbp_voice_count":0,"_bbp_anonymous_reply_count":0,"_bbp_topic_count_hidden":0,"_bbp_reply_count_hidden":0,"_bbp_forum_subforum_count":0,"footnotes":""},"categories":[18],"tags":[],"class_list":["post-10748","post","type-post","status-publish","format-standard","has-post-thumbnail","hentry","category-espritclub"],"post_mailing_queue_ids":[],"_links":{"self":[{"href":"https:\/\/www.sartrouville-escalade.fr\/worexp\/index.php\/wp-json\/wp\/v2\/posts\/10748","targetHints":{"allow":["GET"]}}],"collection":[{"href":"https:\/\/www.sartrouville-escalade.fr\/worexp\/index.php\/wp-json\/wp\/v2\/posts"}],"about":[{"href":"https:\/\/www.sartrouville-escalade.fr\/worexp\/index.php\/wp-json\/wp\/v2\/types\/post"}],"author":[{"embeddable":true,"href":"https:\/\/www.sartrouville-escalade.fr\/worexp\/index.php\/wp-json\/wp\/v2\/users\/40"}],"replies":[{"embeddable":true,"href":"https:\/\/www.sartrouville-escalade.fr\/worexp\/index.php\/wp-json\/wp\/v2\/comments?post=10748"}],"version-history":[{"count":10,"href":"https:\/\/www.sartrouville-escalade.fr\/worexp\/index.php\/wp-json\/wp\/v2\/posts\/10748\/revisions"}],"predecessor-version":[{"id":11183,"href":"https:\/\/www.sartrouville-escalade.fr\/worexp\/index.php\/wp-json\/wp\/v2\/posts\/10748\/revisions\/11183"}],"wp:featuredmedia":[{"embeddable":true,"href":"https:\/\/www.sartrouville-escalade.fr\/worexp\/index.php\/wp-json\/wp\/v2\/media\/10296"}],"wp:attachment":[{"href":"https:\/\/www.sartrouville-escalade.fr\/worexp\/index.php\/wp-json\/wp\/v2\/media?parent=10748"}],"wp:term":[{"taxonomy":"category","embeddable":true,"href":"https:\/\/www.sartrouville-escalade.fr\/worexp\/index.php\/wp-json\/wp\/v2\/categories?post=10748"},{"taxonomy":"post_tag","embeddable":true,"href":"https:\/\/www.sartrouville-escalade.fr\/worexp\/index.php\/wp-json\/wp\/v2\/tags?post=10748"}],"curies":[{"name":"wp","href":"https:\/\/api.w.org\/{rel}","templated":true}]}}