{"id":12627,"date":"2024-06-19T19:19:02","date_gmt":"2024-06-19T17:19:02","guid":{"rendered":"https:\/\/www.sartrouville-escalade.fr\/worexp\/?p=12627"},"modified":"2024-07-02T10:56:37","modified_gmt":"2024-07-02T08:56:37","slug":"dates-pour-linscription-saison-2024-2025","status":"publish","type":"post","link":"https:\/\/www.sartrouville-escalade.fr\/worexp\/index.php\/2024\/06\/19\/dates-pour-linscription-saison-2024-2025\/","title":{"rendered":"DATES POUR L&rsquo;INSCRIPTION SAISON 2024 2025 (maj)"},"content":{"rendered":"\n<p><em>(mise-\u00e0-jour le 2 juillet : d\u00e9calage du 1er au 2 juillet pour l&rsquo;ouverture \u00e0 toutes les personnes)<\/em><\/p>\n\n\n\n<p>Voici les informations de la section Escalade de l\u2019E.S.S. concernant\u00a0<strong>la pr\u00e9 inscription \u00e0 la saison \u00e0 venir 2024 2025<\/strong>\u00a0:<\/p>\n\n\n\n<p>&#8211; Lancement des&nbsp;<strong>r\u00e9inscritions<\/strong>&nbsp;pour les&nbsp;adh\u00e9rents actuels et personnes en liste&nbsp;d&rsquo;attente&nbsp;de cette saison&nbsp;:&nbsp;<strong>le lundi 24 juin&nbsp;vers 20h.<\/strong><\/p>\n\n\n\n<p>Pour rappel notre&nbsp;<strong>Assembl\u00e9e G\u00e9n\u00e9rale a lieu ce jeudi 20 juin \u00e0 20h<\/strong>&nbsp;en salle des dol\u00e9ances rue Henry Dunant \u00e0 Sartrouville, suivi d&rsquo;un moment convivial. Nous attendons les licenci\u00e9s nombreux&nbsp;afin de pr\u00e9parer au mieux la rentr\u00e9e prochaine.<\/p>\n\n\n\n<p>Plus de d\u00e9tail ici :&nbsp;<a href=\"https:\/\/www.sartrouville-escalade.fr\/worexp\/index.php\/2024\/05\/24\/assemblee-generale-2024\/\">Assembl\u00e9e G\u00e9n\u00e9rale<\/a><\/p>\n\n\n\n<p>Pensez \u00e0 donner une procuration si vous ne pouvez venir :&nbsp;<a href=\"https:\/\/www.sartrouville-escalade.fr\/worexp\/wp-content\/uploads\/2024\/05\/AG_2024.pdf\">Procuration AG 2024 <\/a><\/p>\n\n\n\n<p>&#8211; L&rsquo;inscription pour la saison prochaine aux&nbsp;personnes venues&nbsp;aux portes ouvertes&nbsp;de cette ann\u00e9e&nbsp;ouvrira&nbsp;\u00e0 partir du&nbsp;<strong>vendredi&nbsp;28 juin&nbsp;vers 20h<\/strong>.<\/p>\n\n\n\n<p>&#8211; L&rsquo;inscription \u00e0\u00a0tout le monde\u00a0sera ouvert \u00e0 partir <strong><mark style=\"background-color:rgba(0, 0, 0, 0)\" class=\"has-inline-color has-green-color\">du mardi 2 juillet 20h <\/mark><\/strong>(et non le\u00a0lundi 1er juillet, suite \u00e0 un \u00ab\u00a0incident du gestionnaire d&rsquo;exploitation\u00a0\u00bb<strong>)<\/strong><\/p>\n\n\n\n<p>Rappel : toutes les proc\u00e9dures seront \u00e0 effectuer via l\u2019interface \u00ab&nbsp;Licenci\u00e9&nbsp;\u00bb et\/ou d\u2019inscription :&nbsp;<a href=\"https:\/\/www.sartrouville-escalade.fr\/worexp\/index.php\/inscription\/\" target=\"_blank\" rel=\"noreferrer noopener\">espace licenci\u00e9 \/ inscription<\/a>.<\/p>\n\n\n\n<p>Information sur la <em>reprise des cours pour la prochaine saison<\/em> : en raison des travaux en cours dans le gymnase Colette celle-ci commencera en <strong>octobre<\/strong>, la date pr\u00e9cise sera d\u00e9finie en fonction de l&rsquo;avanc\u00e9e des travaux.<\/p>\n","protected":false},"excerpt":{"rendered":"<p>(mise-\u00e0-jour le 2 juillet : d\u00e9calage du 1er au 2 juillet pour l&rsquo;ouverture \u00e0 toutes les personnes) Voici les informations de la section Escalade de l\u2019E.S.S. concernant\u00a0la pr\u00e9 inscription \u00e0 &hellip; <a href=\"https:\/\/www.sartrouville-escalade.fr\/worexp\/index.php\/2024\/06\/19\/dates-pour-linscription-saison-2024-2025\/\" class=\"more-link\">Continuer la lecture de <span class=\"screen-reader-text\">DATES POUR L&rsquo;INSCRIPTION SAISON 2024 2025 (maj)<\/span>  <span class=\"meta-nav\">&rarr;<\/span><\/a><\/p>\n","protected":false},"author":27,"featured_media":0,"comment_status":"open","ping_status":"open","sticky":false,"template":"","format":"standard","meta":{"_bbp_topic_count":0,"_bbp_reply_count":0,"_bbp_total_topic_count":0,"_bbp_total_reply_count":0,"_bbp_voice_count":0,"_bbp_anonymous_reply_count":0,"_bbp_topic_count_hidden":0,"_bbp_reply_count_hidden":0,"_bbp_forum_subforum_count":0,"footnotes":""},"categories":[11],"tags":[],"class_list":["post-12627","post","type-post","status-publish","format-standard","hentry","category-actualites"],"post_mailing_queue_ids":[],"_links":{"self":[{"href":"https:\/\/www.sartrouville-escalade.fr\/worexp\/index.php\/wp-json\/wp\/v2\/posts\/12627","targetHints":{"allow":["GET"]}}],"collection":[{"href":"https:\/\/www.sartrouville-escalade.fr\/worexp\/index.php\/wp-json\/wp\/v2\/posts"}],"about":[{"href":"https:\/\/www.sartrouville-escalade.fr\/worexp\/index.php\/wp-json\/wp\/v2\/types\/post"}],"author":[{"embeddable":true,"href":"https:\/\/www.sartrouville-escalade.fr\/worexp\/index.php\/wp-json\/wp\/v2\/users\/27"}],"replies":[{"embeddable":true,"href":"https:\/\/www.sartrouville-escalade.fr\/worexp\/index.php\/wp-json\/wp\/v2\/comments?post=12627"}],"version-history":[{"count":5,"href":"https:\/\/www.sartrouville-escalade.fr\/worexp\/index.php\/wp-json\/wp\/v2\/posts\/12627\/revisions"}],"predecessor-version":[{"id":12652,"href":"https:\/\/www.sartrouville-escalade.fr\/worexp\/index.php\/wp-json\/wp\/v2\/posts\/12627\/revisions\/12652"}],"wp:attachment":[{"href":"https:\/\/www.sartrouville-escalade.fr\/worexp\/index.php\/wp-json\/wp\/v2\/media?parent=12627"}],"wp:term":[{"taxonomy":"category","embeddable":true,"href":"https:\/\/www.sartrouville-escalade.fr\/worexp\/index.php\/wp-json\/wp\/v2\/categories?post=12627"},{"taxonomy":"post_tag","embeddable":true,"href":"https:\/\/www.sartrouville-escalade.fr\/worexp\/index.php\/wp-json\/wp\/v2\/tags?post=12627"}],"curies":[{"name":"wp","href":"https:\/\/api.w.org\/{rel}","templated":true}]}}