{"id":12790,"date":"2025-01-02T22:04:11","date_gmt":"2025-01-02T21:04:11","guid":{"rendered":"https:\/\/www.sartrouville-escalade.fr\/worexp\/?p=12790"},"modified":"2025-03-09T14:50:08","modified_gmt":"2025-03-09T13:50:08","slug":"stage-hiver-2025","status":"publish","type":"post","link":"https:\/\/www.sartrouville-escalade.fr\/worexp\/index.php\/2025\/01\/02\/stage-hiver-2025\/","title":{"rendered":"Stage HIVER 2025."},"content":{"rendered":"\n<p>Nous proposons \u00e0 tous les enfants \u00e0 partir de 8 ans un stage d&rsquo;escalade pendant la premi\u00e8re semaine des vacances d&rsquo;Hiver du 17 au 21 f\u00e9vrier.<\/p>\n\n\n\n<p><strong>STAGES :<\/strong><\/p>\n\n\n\n<p><strong>Comp\u00e9tition<\/strong>  <strong>&amp; Perfectionnement<\/strong> <\/p>\n\n\n\n<blockquote class=\"wp-block-quote is-style-default is-layout-flow wp-block-quote-is-layout-flow\">\n<p>T<strong>rois jours: lundi 17\/02 au mercredi 19\/02 de 10h00 \u00e0 12h00.                      Deux jours: jeudi 20\/02 &amp; vendredi 21\/02 de 10h00 \u00e0 12h00.           Possibilit\u00e9 de s&rsquo;inscrire pour la semaine.<\/strong><\/p>\n<\/blockquote>\n\n\n\n<p><strong>Loisir &amp; D\u00e9butant<\/strong><\/p>\n\n\n\n<blockquote class=\"wp-block-quote is-style-default is-layout-flow wp-block-quote-is-layout-flow\">\n<p><strong>Trois jours: <strong>lundi 17\/02 au mercredi 19\/02 <\/strong><\/strong><b>de 13h00 \u00e0 15h00.                          Deux jours:<\/b><strong><b> <\/b>jeudi 20\/02 &amp; vendredi 21\/02 de 13h00 \u00e0 15h00.                          Possibilit\u00e9 de s&rsquo;inscrire pour la semaine. <\/strong><\/p>\n<\/blockquote>\n\n\n\n<p><strong>D\u00e9butant <\/strong><\/p>\n\n\n\n<blockquote class=\"wp-block-quote is-style-default is-layout-flow wp-block-quote-is-layout-flow\">\n<p><strong>Trois jours: <strong>lundi 17\/02 au mercredi 19\/02 <\/strong>de 15h00 \u00e0 17h00.                          Deux jours: <strong>jeudi 20\/02 &amp; vendredi 21\/02 <\/strong>de 15h00 \u00e0 17h00.                          Possibilit\u00e9 de s&rsquo;inscrire pour la semaine. <\/strong><\/p>\n<\/blockquote>\n\n\n\n<p>Encadrant : Pas de nom \u00e0 l&rsquo;heure actuelle. <strong>Le stage sera annul\u00e9 si nous ne trouvons pas un encadrant.<\/strong><\/p>\n\n\n\n<p><strong>Tarifs :<\/strong><\/p>\n\n\n\n<blockquote class=\"wp-block-quote has-text-align-left is-style-default is-layout-flow wp-block-quote-is-layout-flow\">\n<p><strong>Adh\u00e9rent:                                                                                                                                                      <\/strong>Lundi au mercredi : 36\u20ac                                                                                                                           Jeudi au vendredi : 24\u20ac                                                                                                                             Semaine enti\u00e8re : 55\u20ac    <strong>                                                                                                                               <\/strong><\/p>\n\n\n\n<p><strong>Non adh\u00e9rent (priorit\u00e9 aux adh\u00e9rents) stage d\u00e9butant 15h\/17h:   <\/strong>Lundi au mercredi : 45\u20ac                                                                                                                                                Jeudi au vendredi : 30\u20ac                                                                                                         Semaine enti\u00e8re : 70\u20ac<\/p>\n<\/blockquote>\n\n\n\n<p>ESS Escalade | Entente Sportive Sartrouville<\/p>\n\n\n\n<p><strong>Modalit\u00e9s et renseignements<\/strong>:<\/p>\n\n\n\n<p>Inscription limit\u00e9e \u00e0 12 enfants par stage.<\/p>\n\n\n\n<p>Les inscriptions se font par ordre d\u2019inscription.<\/p>\n\n\n\n<p>La date limite de r\u00e9ception des dossiers est fix\u00e9e au vendredi 14 f\u00e9vrier.<\/p>\n\n\n\n<p>Un regroupement de cr\u00e9neaux sera propos\u00e9 si le nombre de participants est insuffisant.<\/p>\n\n\n\n<p>\u2022Afin de faciliter le traitement des dossiers, nous mettons en place ces r\u00e8gles \u00ab&nbsp;strictes&nbsp;\u00bb mais n\u00e9cessaire afin que nous ne perdions pas d\u2019\u00e9nergie et de temps \u00e0 r\u00e9cup\u00e9rer les dossiers.<\/p>\n\n\n\n<p>\u2022Pour les adh\u00e9rents:<\/p>\n\n\n\n<p>Se pr\u00e9-inscrire sur le site web en r\u00e9pondant au questionnaire (\u00e9tape obligatoire). Imprimer et signer la page d\u2019inscription et d\u2019autorisation qui est affich\u00e9e. Le dossier complet (feuille d\u2019inscription sign\u00e9e + ch\u00e8que \u00e0 l&rsquo;ordre d&rsquo;ESS) doit \u00eatre ensuite d\u00e9pos\u00e9 \u00e0 l\u2019encadrant le plus rapidement possible dans une enveloppe \u00e0 votre nom et avant la date limite.<\/p>\n\n\n\n<p>\u2022Pour les non adh\u00e9rents:<\/p>\n\n\n\n<p>Contacter le secr\u00e9taire (secretaire@sartrouville-escalade.fr) afin qu\u2019il proc\u00e8de \u00e0 la pr\u00e9-inscription et attendre sa r\u00e9ponse avant tout autre d\u00e9marche (ne pas envoyer de dossier \u00e0 ce stade) le secr\u00e9taire vous pr\u00e9-inscrit et vous confirme ou non que vous pouvez envoyer le dossier. Tout dossier incomplet sera rejet\u00e9 et l\u2019enfant ne pourra pas participer au stage, aucune relance par mail sera faite pour l\u2019obtention du dossier papier.<\/p>\n\n\n\n<p>\u2022Plus d\u2019information en envoyant un e-mail secretaire@sartrouville-escalade.fr<\/p>\n\n\n\n<p>Information compl\u00e9mentaire : Si le nombre de stagiaire n&rsquo;est pas suffisant entrainera la suppression des cr\u00e9neaux associ\u00e9s.<\/p>\n\n\n\n<p>Inscription : <a href=\"https:\/\/sartrouville-escalade.fr\/questionnaire\/stage022025\/index.html\" data-type=\"link\" data-id=\"https:\/\/sartrouville-escalade.fr\/questionnaire\/stage102024\/index.\">https:\/\/sartrouville-escalade<\/a><\/p>\n\n\n\n<p><\/p>\n","protected":false},"excerpt":{"rendered":"<p>Nous proposons \u00e0 tous les enfants \u00e0 partir de 8 ans un stage d&rsquo;escalade pendant la premi\u00e8re semaine des vacances d&rsquo;Hiver du 17 au 21 f\u00e9vrier. STAGES : Comp\u00e9tition &amp; &hellip; <a href=\"https:\/\/www.sartrouville-escalade.fr\/worexp\/index.php\/2025\/01\/02\/stage-hiver-2025\/\" class=\"more-link\">Continuer la lecture de <span class=\"screen-reader-text\">Stage HIVER 2025.<\/span>  <span class=\"meta-nav\">&rarr;<\/span><\/a><\/p>\n","protected":false},"author":40,"featured_media":12710,"comment_status":"open","ping_status":"open","sticky":false,"template":"","format":"standard","meta":{"_bbp_topic_count":0,"_bbp_reply_count":0,"_bbp_total_topic_count":0,"_bbp_total_reply_count":0,"_bbp_voice_count":0,"_bbp_anonymous_reply_count":0,"_bbp_topic_count_hidden":0,"_bbp_reply_count_hidden":0,"_bbp_forum_subforum_count":0,"footnotes":""},"categories":[88,10],"tags":[],"class_list":["post-12790","post","type-post","status-publish","format-standard","has-post-thumbnail","hentry","category-actualites-stages-et-sorties","category-sorties"],"post_mailing_queue_ids":[],"_links":{"self":[{"href":"https:\/\/www.sartrouville-escalade.fr\/worexp\/index.php\/wp-json\/wp\/v2\/posts\/12790","targetHints":{"allow":["GET"]}}],"collection":[{"href":"https:\/\/www.sartrouville-escalade.fr\/worexp\/index.php\/wp-json\/wp\/v2\/posts"}],"about":[{"href":"https:\/\/www.sartrouville-escalade.fr\/worexp\/index.php\/wp-json\/wp\/v2\/types\/post"}],"author":[{"embeddable":true,"href":"https:\/\/www.sartrouville-escalade.fr\/worexp\/index.php\/wp-json\/wp\/v2\/users\/40"}],"replies":[{"embeddable":true,"href":"https:\/\/www.sartrouville-escalade.fr\/worexp\/index.php\/wp-json\/wp\/v2\/comments?post=12790"}],"version-history":[{"count":5,"href":"https:\/\/www.sartrouville-escalade.fr\/worexp\/index.php\/wp-json\/wp\/v2\/posts\/12790\/revisions"}],"predecessor-version":[{"id":12795,"href":"https:\/\/www.sartrouville-escalade.fr\/worexp\/index.php\/wp-json\/wp\/v2\/posts\/12790\/revisions\/12795"}],"wp:featuredmedia":[{"embeddable":true,"href":"https:\/\/www.sartrouville-escalade.fr\/worexp\/index.php\/wp-json\/wp\/v2\/media\/12710"}],"wp:attachment":[{"href":"https:\/\/www.sartrouville-escalade.fr\/worexp\/index.php\/wp-json\/wp\/v2\/media?parent=12790"}],"wp:term":[{"taxonomy":"category","embeddable":true,"href":"https:\/\/www.sartrouville-escalade.fr\/worexp\/index.php\/wp-json\/wp\/v2\/categories?post=12790"},{"taxonomy":"post_tag","embeddable":true,"href":"https:\/\/www.sartrouville-escalade.fr\/worexp\/index.php\/wp-json\/wp\/v2\/tags?post=12790"}],"curies":[{"name":"wp","href":"https:\/\/api.w.org\/{rel}","templated":true}]}}