{"id":12908,"date":"2025-05-27T07:02:31","date_gmt":"2025-05-27T05:02:31","guid":{"rendered":"https:\/\/www.sartrouville-escalade.fr\/worexp\/?p=12908"},"modified":"2025-06-20T21:54:56","modified_gmt":"2025-06-20T19:54:56","slug":"assemblee-generale-2025","status":"publish","type":"post","link":"https:\/\/www.sartrouville-escalade.fr\/worexp\/index.php\/2025\/05\/27\/assemblee-generale-2025\/","title":{"rendered":"Assembl\u00e9e G\u00e9n\u00e9rale 11 juin 2025 20h00"},"content":{"rendered":"\n<p>L\u2019Assembl\u00e9e G\u00e9n\u00e9rale Ordinaire de la section escalade de l\u2019Entente Sportive de Sartrouville se d\u00e9roulera le <strong>mercredi 11 juin<\/strong> \u00e0 partir de 20h00 dans la Salle des dol\u00e9ances rue Henry Dunant \u00e0 Sartrouville.<\/p>\n\n\n\n<!--more-->\n\n\n\n<p><em>(accueil \u00e0 compter de 19h30)<\/em><\/p>\n\n\n\n<p><strong>Seront abord\u00e9s diff\u00e9rents points :<\/strong> <\/p>\n\n\n\n<p>\u2022Rapport moral et bilan de la saison 24\/25<\/p>\n\n\n\n<p>\u2022Budget pr\u00e9visionnel 25\/26<\/p>\n\n\n\n<p>\u2022Vote du montant de la cotisation 25\/26<\/p>\n\n\n\n<p>\u2022Projets et objectifs 25\/26<\/p>\n\n\n\n<p>\u2022Renouvellement des membres du bureau <\/p>\n\n\n\n<p>\u2022Questions diverses <\/p>\n\n\n\n<p><\/p>\n\n\n\n<p><strong>Pr\u00e9sentation du bureau actuel et perspectives : <\/strong><\/p>\n\n\n\n<p>\u2022<strong>Pr\u00e9sident<\/strong> :&nbsp;Fabien . <\/p>\n\n\n\n<p>\u2022<strong>Vice-Pr\u00e9sident<\/strong> : Jean-Luc (pr\u00e9sident de la section de 2009 \u00e0 2019).<\/p>\n\n\n\n<p>\u2022<strong>Secr\u00e9taire<\/strong> : St\u00e9phane et <strong>Secr\u00e9taire-adjointe<\/strong> : Carole. <\/p>\n\n\n\n<p>\u2022<strong>Tr\u00e9sori\u00e8re<\/strong> : Virginie. <\/p>\n\n\n\n<p>\u2022<strong>Les autres membres actifs du Conseil d\u2019Administration<\/strong> :&nbsp;Sonia, S\u00e9bastien, Pierre, Julien, Lilou et Ad\u00e8le.<\/p>\n\n\n\n<p>Nous invitons toutes les personnes motiv\u00e9es et voulant s\u2019impliquer au sein de la section escalade \u00e0 contacter les membres du bureau par mail : sartrouville.escalade@gmail.com<\/p>\n\n\n\n<p>Nous vous attendons nombreux afin de pr\u00e9parer au mieux la rentr\u00e9e prochaine. <\/p>\n\n\n\n<p>L&rsquo;assembl\u00e9e sera suivie d&rsquo;un pot de l&rsquo;amiti\u00e9.<\/p>\n\n\n\n<p><em>Si vous ne pouvez venir, merci de donner votre <strong>procuration<\/strong> \u00e0 une personne assistant au CA, ci-dessous le document \u00e0 t\u00e9l\u00e9charger, renseigner, signer et nous renvoyer :<\/em><\/p>\n\n\n<div class=\"wp-block-file\"><a href=\"https:\/\/www.sartrouville-escalade.fr\/worexp\/wp-content\/uploads\/2025\/05\/AG_2025.pdf\">Procuration AG_2025 \u00e0 T\u00e9l\u00e9charger<\/a><\/div>\n<div>\u00a0<\/div>\n<div>\u00a0<\/div>\n<div>\u00a0<\/div>\n\n\n<p>Ouverture de la salle \u00e0 19H30.<\/p>\n\n\n\n<p><\/p>\n","protected":false},"excerpt":{"rendered":"<p>L\u2019Assembl\u00e9e G\u00e9n\u00e9rale Ordinaire de la section escalade de l\u2019Entente Sportive de Sartrouville se d\u00e9roulera le mercredi 11 juin \u00e0 partir de 20h00 dans la Salle des dol\u00e9ances rue Henry Dunant &hellip; <a href=\"https:\/\/www.sartrouville-escalade.fr\/worexp\/index.php\/2025\/05\/27\/assemblee-generale-2025\/\" class=\"more-link\">Continuer la lecture de <span class=\"screen-reader-text\">Assembl\u00e9e G\u00e9n\u00e9rale 11 juin 2025 20h00<\/span>  <span class=\"meta-nav\">&rarr;<\/span><\/a><\/p>\n","protected":false},"author":40,"featured_media":12588,"comment_status":"open","ping_status":"open","sticky":false,"template":"","format":"standard","meta":{"_bbp_topic_count":0,"_bbp_reply_count":0,"_bbp_total_topic_count":0,"_bbp_total_reply_count":0,"_bbp_voice_count":0,"_bbp_anonymous_reply_count":0,"_bbp_topic_count_hidden":0,"_bbp_reply_count_hidden":0,"_bbp_forum_subforum_count":0,"footnotes":""},"categories":[11],"tags":[],"class_list":["post-12908","post","type-post","status-publish","format-standard","has-post-thumbnail","hentry","category-actualites"],"post_mailing_queue_ids":[],"_links":{"self":[{"href":"https:\/\/www.sartrouville-escalade.fr\/worexp\/index.php\/wp-json\/wp\/v2\/posts\/12908","targetHints":{"allow":["GET"]}}],"collection":[{"href":"https:\/\/www.sartrouville-escalade.fr\/worexp\/index.php\/wp-json\/wp\/v2\/posts"}],"about":[{"href":"https:\/\/www.sartrouville-escalade.fr\/worexp\/index.php\/wp-json\/wp\/v2\/types\/post"}],"author":[{"embeddable":true,"href":"https:\/\/www.sartrouville-escalade.fr\/worexp\/index.php\/wp-json\/wp\/v2\/users\/40"}],"replies":[{"embeddable":true,"href":"https:\/\/www.sartrouville-escalade.fr\/worexp\/index.php\/wp-json\/wp\/v2\/comments?post=12908"}],"version-history":[{"count":14,"href":"https:\/\/www.sartrouville-escalade.fr\/worexp\/index.php\/wp-json\/wp\/v2\/posts\/12908\/revisions"}],"predecessor-version":[{"id":12979,"href":"https:\/\/www.sartrouville-escalade.fr\/worexp\/index.php\/wp-json\/wp\/v2\/posts\/12908\/revisions\/12979"}],"wp:featuredmedia":[{"embeddable":true,"href":"https:\/\/www.sartrouville-escalade.fr\/worexp\/index.php\/wp-json\/wp\/v2\/media\/12588"}],"wp:attachment":[{"href":"https:\/\/www.sartrouville-escalade.fr\/worexp\/index.php\/wp-json\/wp\/v2\/media?parent=12908"}],"wp:term":[{"taxonomy":"category","embeddable":true,"href":"https:\/\/www.sartrouville-escalade.fr\/worexp\/index.php\/wp-json\/wp\/v2\/categories?post=12908"},{"taxonomy":"post_tag","embeddable":true,"href":"https:\/\/www.sartrouville-escalade.fr\/worexp\/index.php\/wp-json\/wp\/v2\/tags?post=12908"}],"curies":[{"name":"wp","href":"https:\/\/api.w.org\/{rel}","templated":true}]}}