{"id":2892,"date":"2018-05-07T17:39:33","date_gmt":"2018-05-07T15:39:33","guid":{"rendered":"https:\/\/www.sartrouville-escalade.fr\/worexp\/?p=2892"},"modified":"2018-11-21T15:54:22","modified_gmt":"2018-11-21T14:54:22","slug":"region-difficulte-ile-de-france","status":"publish","type":"post","link":"https:\/\/www.sartrouville-escalade.fr\/worexp\/index.php\/2018\/05\/07\/region-difficulte-ile-de-france\/","title":{"rendered":"R\u00e9gion difficult\u00e9 Ile de France"},"content":{"rendered":"<p>&nbsp;<\/p>\n<p>Ce week-end avait lieu la comp\u00e9tition de la r\u00e9gion Ile de France dans la salle de Massy.<\/p>\n<p><!--more--><\/p>\n<p>Le samedi\u00a0 5 mai, entr\u00e9e en lice des cadets et des juniors.<\/p>\n<p>Mat\u00e9o (cat. junior) et Thomas Olivier (cat. cadet) ont repr\u00e9sent\u00e9 l\u2019ESS.<\/p>\n<p>Ils se sont qualifi\u00e9s tous les deux pour la demi-finale \u00a0et finissent respectivement\u00a0 14<sup>i\u00e8me<\/sup> et 25<sup>i\u00e8me<\/sup> de leur cat\u00e9gorie.<\/p>\n<p>Le dimanche 6 mai, place aux minimes et aux seniors.<\/p>\n<p>Beaucoup de repr\u00e9sentants de l\u2019ESS en ce jour\u00a0: Mateo et Thomas Chariot (cat. senior), Tala (cat. senior), Hippolyte (cat. minime), Coline et Manon (cat. minime).<\/p>\n<p>Mateo finit 28<sup>i\u00e8me<\/sup> apr\u00e8s les efforts de la veille, ce fut plus dur.<\/p>\n<p>Thomas C. se qualifie pour la demi-finale malgr\u00e9 son mal de dos et finit 17<sup>i\u00e8me<\/sup>.<\/p>\n<p>Tala pour sa premi\u00e8re participation fait une tr\u00e8s honorable 29<sup>i\u00e8me<\/sup> place (\u00e0 not\u00e9 qu\u2019elle est pass\u00e9e en avant derni\u00e8re position sur les voies de qualification (environ 4h apr\u00e8s son arriv\u00e9e\u2026 Dur, dur la gestion du temps\u00a0!!!)<\/p>\n<p>Pour son premier championnat r\u00e9gional, Hippolyte finit \u00e0 une encourageante 14<sup>i\u00e8me<\/sup> place en ayant \u00a0top\u00e9 \u00a0les 2 voies de qualification pour\u00a0acc\u00e9der \u00a0en demi-finale.<\/p>\n<p>Coline (pour qui c\u2019\u00e9tait \u00e9galement une premi\u00e8re participation) passe en demi \u2013finale et finit 25<sup>i\u00e8me<\/sup>.<\/p>\n<p>Enfin, Manon apr\u00e8s avoir top\u00e9 ses deux voies de qualification, elle se qualifie pour la demi-finale puis la finale. Elle termine \u00a07<sup>i\u00e8me<\/sup> ce qui la qualifie pour le Championnat de France.<\/p>\n<p>Bravo \u00e0 tous pour vos efforts et votre implication.<\/p>\n<p>Un grand merci \u00e0 Matthieu et Adeline (du CT78), qui ont accompagn\u00e9 nos enfants en isolement, pour leur coaching, leurs encouragements et leur implication.<\/p>\n<p><img loading=\"lazy\" decoding=\"async\" class=\"alignnone size-medium wp-image-2891\" src=\"https:\/\/www.sartrouville-escalade.fr\/worexp\/wp-content\/uploads\/2018\/05\/Resized_20180507_163438_86581-202x300.jpg\" alt=\"\" width=\"202\" height=\"300\" srcset=\"https:\/\/www.sartrouville-escalade.fr\/worexp\/wp-content\/uploads\/2018\/05\/Resized_20180507_163438_86581-202x300.jpg 202w, https:\/\/www.sartrouville-escalade.fr\/worexp\/wp-content\/uploads\/2018\/05\/Resized_20180507_163438_86581-300x445.jpg 300w, https:\/\/www.sartrouville-escalade.fr\/worexp\/wp-content\/uploads\/2018\/05\/Resized_20180507_163438_86581-768x1139.jpg 768w, https:\/\/www.sartrouville-escalade.fr\/worexp\/wp-content\/uploads\/2018\/05\/Resized_20180507_163438_86581-690x1024.jpg 690w, https:\/\/www.sartrouville-escalade.fr\/worexp\/wp-content\/uploads\/2018\/05\/Resized_20180507_163438_86581.jpg 1080w\" sizes=\"auto, (max-width: 202px) 100vw, 202px\" \/><\/p>\n","protected":false},"excerpt":{"rendered":"<p>&nbsp; Ce week-end avait lieu la comp\u00e9tition de la r\u00e9gion Ile de France dans la salle de Massy.<\/p>\n","protected":false},"author":0,"featured_media":0,"comment_status":"open","ping_status":"open","sticky":false,"template":"","format":"standard","meta":{"_bbp_topic_count":0,"_bbp_reply_count":0,"_bbp_total_topic_count":0,"_bbp_total_reply_count":0,"_bbp_voice_count":0,"_bbp_anonymous_reply_count":0,"_bbp_topic_count_hidden":0,"_bbp_reply_count_hidden":0,"_bbp_forum_subforum_count":0,"footnotes":""},"categories":[8],"tags":[],"class_list":["post-2892","post","type-post","status-publish","format-standard","hentry","category-competit"],"post_mailing_queue_ids":[],"_links":{"self":[{"href":"https:\/\/www.sartrouville-escalade.fr\/worexp\/index.php\/wp-json\/wp\/v2\/posts\/2892","targetHints":{"allow":["GET"]}}],"collection":[{"href":"https:\/\/www.sartrouville-escalade.fr\/worexp\/index.php\/wp-json\/wp\/v2\/posts"}],"about":[{"href":"https:\/\/www.sartrouville-escalade.fr\/worexp\/index.php\/wp-json\/wp\/v2\/types\/post"}],"replies":[{"embeddable":true,"href":"https:\/\/www.sartrouville-escalade.fr\/worexp\/index.php\/wp-json\/wp\/v2\/comments?post=2892"}],"version-history":[{"count":7,"href":"https:\/\/www.sartrouville-escalade.fr\/worexp\/index.php\/wp-json\/wp\/v2\/posts\/2892\/revisions"}],"predecessor-version":[{"id":2903,"href":"https:\/\/www.sartrouville-escalade.fr\/worexp\/index.php\/wp-json\/wp\/v2\/posts\/2892\/revisions\/2903"}],"wp:attachment":[{"href":"https:\/\/www.sartrouville-escalade.fr\/worexp\/index.php\/wp-json\/wp\/v2\/media?parent=2892"}],"wp:term":[{"taxonomy":"category","embeddable":true,"href":"https:\/\/www.sartrouville-escalade.fr\/worexp\/index.php\/wp-json\/wp\/v2\/categories?post=2892"},{"taxonomy":"post_tag","embeddable":true,"href":"https:\/\/www.sartrouville-escalade.fr\/worexp\/index.php\/wp-json\/wp\/v2\/tags?post=2892"}],"curies":[{"name":"wp","href":"https:\/\/api.w.org\/{rel}","templated":true}]}}