{"id":2913,"date":"2018-05-15T21:24:19","date_gmt":"2018-05-15T19:24:19","guid":{"rendered":"https:\/\/www.sartrouville-escalade.fr\/worexp\/?p=2913"},"modified":"2018-05-15T23:19:51","modified_gmt":"2018-05-15T21:19:51","slug":"challenge-des-yvelines-etape-villennes-sur-seine-13-mai-2018","status":"publish","type":"post","link":"https:\/\/www.sartrouville-escalade.fr\/worexp\/index.php\/2018\/05\/15\/challenge-des-yvelines-etape-villennes-sur-seine-13-mai-2018\/","title":{"rendered":"Challenge des Yvelines : \u00e9tape Villennes-sur-Seine 13 mai 2018"},"content":{"rendered":"<p>En ce dimanche 14\/05, c\u2019est \u00e0 Villennes-sur-Seine que s\u2019est d\u00e9roul\u00e9e la derni\u00e8re \u00e9tape du Challenge des Yvelines\u00a0: des blocs, de la vitesse et de la difficult\u00e9 (en moulinette et en t\u00eate) de quoi r\u00e9galer tout le monde.<\/p>\n<p><!--more-->Encore de beaux r\u00e9sultats pour Sartrouville.<\/p>\n<p>En microbe, Yann termine 4<sup>\u00e8me<\/sup> de la finale, malgr\u00e9 sa 3eme place \u00e0 la fin des qualifications).<\/p>\n<p>Chez les poussins, Clara et Ad\u00e8le conservent en finale leur place des qualifications en prenant respectivement les 1ere et 3eme place du classement et chez les gar\u00e7ons, No\u00e9 et Eliott se font ravir la 1ere place et finissent respectivement 2<sup>e<\/sup> et 3<sup>e<\/sup>.<\/p>\n<p>Chez les Benjamins, podium 100% Sartrouville chez les filles avec Val\u00e8re 1ere (qui conserve la place des qualif), Elise 2eme (avec une belle remont\u00e9e, 4eme des qualif) et Lola qui conserve sa 3eme place. Chez les gar\u00e7ons, Arthur se hisse sur la 2eme place du podium.<\/p>\n<p>Un grand bravo \u00e0 Nils, Aur\u00e9lie et Willow qui n\u2019ont pas d\u00e9m\u00e9rit\u00e9.<\/p>\n<p>Et merci \u00e0 Carole pour l&rsquo;article et pour les photos <a href=\"https:\/\/photos.app.goo.gl\/UPjXgW78yrKEVYSk1\" target=\"_blank\" rel=\"noopener\">que vous pouvez consulter en cliquant ici<\/a>.<\/p>\n<p><img loading=\"lazy\" decoding=\"async\" class=\"alignnone size-medium wp-image-2914\" src=\"https:\/\/www.sartrouville-escalade.fr\/worexp\/wp-content\/uploads\/2018\/05\/20180513_171258-300x169.jpg\" alt=\"\" width=\"300\" height=\"169\" srcset=\"https:\/\/www.sartrouville-escalade.fr\/worexp\/wp-content\/uploads\/2018\/05\/20180513_171258-300x169.jpg 300w, https:\/\/www.sartrouville-escalade.fr\/worexp\/wp-content\/uploads\/2018\/05\/20180513_171258-768x432.jpg 768w, https:\/\/www.sartrouville-escalade.fr\/worexp\/wp-content\/uploads\/2018\/05\/20180513_171258-1024x576.jpg 1024w\" sizes=\"auto, (max-width: 300px) 100vw, 300px\" \/><\/p>\n<p>Le r\u00e9sultat complet est ici :<br \/>\n<a href=\"https:\/\/www.sartrouville-escalade.fr\/worexp\/wp-content\/uploads\/2018\/05\/180513-Classement-Finale-Challenge-Villennes-Escalade.pdf\" class=\"pdfemb-viewer\" style=\"\" data-width=\"max\" data-height=\"max\" data-toolbar=\"bottom\" data-toolbar-fixed=\"off\">180513 Classement Finale Challenge Villennes Escalade<\/a><\/p>\n","protected":false},"excerpt":{"rendered":"<p>En ce dimanche 14\/05, c\u2019est \u00e0 Villennes-sur-Seine que s\u2019est d\u00e9roul\u00e9e la derni\u00e8re \u00e9tape du Challenge des Yvelines\u00a0: des blocs, de la vitesse et de la difficult\u00e9 (en moulinette et en &hellip; <a href=\"https:\/\/www.sartrouville-escalade.fr\/worexp\/index.php\/2018\/05\/15\/challenge-des-yvelines-etape-villennes-sur-seine-13-mai-2018\/\" class=\"more-link\">Continuer la lecture de <span class=\"screen-reader-text\">Challenge des Yvelines : \u00e9tape Villennes-sur-Seine 13 mai 2018<\/span>  <span class=\"meta-nav\">&rarr;<\/span><\/a><\/p>\n","protected":false},"author":9,"featured_media":2914,"comment_status":"open","ping_status":"open","sticky":false,"template":"","format":"standard","meta":{"_bbp_topic_count":0,"_bbp_reply_count":0,"_bbp_total_topic_count":0,"_bbp_total_reply_count":0,"_bbp_voice_count":0,"_bbp_anonymous_reply_count":0,"_bbp_topic_count_hidden":0,"_bbp_reply_count_hidden":0,"_bbp_forum_subforum_count":0,"footnotes":""},"categories":[8],"tags":[],"class_list":["post-2913","post","type-post","status-publish","format-standard","has-post-thumbnail","hentry","category-competit"],"post_mailing_queue_ids":[],"_links":{"self":[{"href":"https:\/\/www.sartrouville-escalade.fr\/worexp\/index.php\/wp-json\/wp\/v2\/posts\/2913","targetHints":{"allow":["GET"]}}],"collection":[{"href":"https:\/\/www.sartrouville-escalade.fr\/worexp\/index.php\/wp-json\/wp\/v2\/posts"}],"about":[{"href":"https:\/\/www.sartrouville-escalade.fr\/worexp\/index.php\/wp-json\/wp\/v2\/types\/post"}],"author":[{"embeddable":true,"href":"https:\/\/www.sartrouville-escalade.fr\/worexp\/index.php\/wp-json\/wp\/v2\/users\/9"}],"replies":[{"embeddable":true,"href":"https:\/\/www.sartrouville-escalade.fr\/worexp\/index.php\/wp-json\/wp\/v2\/comments?post=2913"}],"version-history":[{"count":4,"href":"https:\/\/www.sartrouville-escalade.fr\/worexp\/index.php\/wp-json\/wp\/v2\/posts\/2913\/revisions"}],"predecessor-version":[{"id":2936,"href":"https:\/\/www.sartrouville-escalade.fr\/worexp\/index.php\/wp-json\/wp\/v2\/posts\/2913\/revisions\/2936"}],"wp:featuredmedia":[{"embeddable":true,"href":"https:\/\/www.sartrouville-escalade.fr\/worexp\/index.php\/wp-json\/wp\/v2\/media\/2914"}],"wp:attachment":[{"href":"https:\/\/www.sartrouville-escalade.fr\/worexp\/index.php\/wp-json\/wp\/v2\/media?parent=2913"}],"wp:term":[{"taxonomy":"category","embeddable":true,"href":"https:\/\/www.sartrouville-escalade.fr\/worexp\/index.php\/wp-json\/wp\/v2\/categories?post=2913"},{"taxonomy":"post_tag","embeddable":true,"href":"https:\/\/www.sartrouville-escalade.fr\/worexp\/index.php\/wp-json\/wp\/v2\/tags?post=2913"}],"curies":[{"name":"wp","href":"https:\/\/api.w.org\/{rel}","templated":true}]}}